{"id":1922,"date":"2023-01-30T11:10:05","date_gmt":"2023-01-30T10:10:05","guid":{"rendered":"https:\/\/gfbcam.com\/?post_type=news&#038;p=1922"},"modified":"2023-01-30T11:10:05","modified_gmt":"2023-01-30T10:10:05","slug":"discours-de-monsieur-le-president-du-conseil-executif-du-gfbc","status":"publish","type":"news","link":"https:\/\/gfbcam.com\/?news=discours-de-monsieur-le-president-du-conseil-executif-du-gfbc","title":{"rendered":"DISCOURS DE MONSIEUR LE PR\u00c9SIDENT DU CONSEIL EX\u00c9CUTIF DU GFBC"},"content":{"rendered":"<p>CEREMONIE D\u2019\u00c9CHANGES DE V\u0152UX AU MINISTRE DES FORETS ET DE LA FAUNE DISCOURS DE MONSIEUR LE PR\u00c9SIDENT DU CONSEIL EX\u00c9CUTIF DU GFBC<\/p>\n<p><a href=\"https:\/\/gfbcam.com\/wp-content\/uploads\/2023\/01\/Discours-President_GFBC-voeux_MINFOF-2023.pdf\" class=\"pdfemb-viewer\" style=\"\" data-width=\"max\" data-height=\"max\" data-toolbar=\"bottom\" data-toolbar-fixed=\"off\">discours de monsieur le pr\u00e9sident du conseil ex\u00e9cutif du GFBC<\/a><br \/>\n<a href=\"https:\/\/gfbcam.com\/wp-content\/uploads\/2023\/01\/Discours-President_GFBC-voeux_MINFOF-2023.pdf\" target=\"_blank\" rel=\"noopener\">T\u00e9l\u00e9charger le document PDF.<\/a><\/p>\n","protected":false},"excerpt":{"rendered":"<p>CEREMONIE D\u2019\u00c9CHANGES DE V\u0152UX AU MINISTRE DES FORETS ET DE LA FAUNE DISCOURS DE MONSIEUR LE PR\u00c9SIDENT DU CONSEIL EX\u00c9CUTIF DU GFBC T\u00e9l\u00e9charger le document PDF.<\/p>\n","protected":false},"author":2,"featured_media":20,"comment_status":"closed","ping_status":"closed","template":"","tags":[],"news-category":[],"class_list":["post-1922","news","type-news","status-publish","has-post-thumbnail","hentry"],"acf":[],"yoast_head":"<!-- This site is optimized with the Yoast SEO plugin v24.4 - https:\/\/yoast.com\/wordpress\/plugins\/seo\/ -->\n<title>DISCOURS DE MONSIEUR LE PR\u00c9SIDENT DU CONSEIL EX\u00c9CUTIF DU GFBC - Groupement de la Fili\u00e8re Bois au Cameroun | GFBC<\/title>\n<meta name=\"robots\" content=\"index, follow, max-snippet:-1, max-image-preview:large, max-video-preview:-1\" \/>\n<link rel=\"canonical\" href=\"https:\/\/gfbcam.com\/?news=discours-de-monsieur-le-president-du-conseil-executif-du-gfbc\" \/>\n<meta property=\"og:locale\" content=\"fr_FR\" \/>\n<meta property=\"og:type\" content=\"article\" \/>\n<meta property=\"og:title\" content=\"DISCOURS DE MONSIEUR LE PR\u00c9SIDENT DU CONSEIL EX\u00c9CUTIF DU GFBC - Groupement de la Fili\u00e8re Bois au Cameroun | GFBC\" \/>\n<meta property=\"og:description\" content=\"CEREMONIE D\u2019\u00c9CHANGES DE V\u0152UX AU MINISTRE DES FORETS ET DE LA FAUNE DISCOURS DE MONSIEUR LE PR\u00c9SIDENT DU CONSEIL EX\u00c9CUTIF DU GFBC T\u00e9l\u00e9charger le document PDF.\" \/>\n<meta property=\"og:url\" content=\"https:\/\/gfbcam.com\/?news=discours-de-monsieur-le-president-du-conseil-executif-du-gfbc\" \/>\n<meta property=\"og:site_name\" content=\"Groupement de la Fili\u00e8re Bois au Cameroun | GFBC\" \/>\n<meta property=\"og:image\" content=\"https:\/\/gfbcam.com\/wp-content\/uploads\/2022\/04\/logoGfbc.png\" \/>\n\t<meta property=\"og:image:width\" content=\"158\" \/>\n\t<meta property=\"og:image:height\" content=\"85\" \/>\n\t<meta property=\"og:image:type\" content=\"image\/png\" \/>\n<meta name=\"twitter:card\" content=\"summary_large_image\" \/>\n<script type=\"application\/ld+json\" class=\"yoast-schema-graph\">{\"@context\":\"https:\/\/schema.org\",\"@graph\":[{\"@type\":\"WebPage\",\"@id\":\"https:\/\/gfbcam.com\/?news=discours-de-monsieur-le-president-du-conseil-executif-du-gfbc\",\"url\":\"https:\/\/gfbcam.com\/?news=discours-de-monsieur-le-president-du-conseil-executif-du-gfbc\",\"name\":\"DISCOURS DE MONSIEUR LE PR\u00c9SIDENT DU CONSEIL EX\u00c9CUTIF DU GFBC - Groupement de la Fili\u00e8re Bois au Cameroun | GFBC\",\"isPartOf\":{\"@id\":\"https:\/\/gfbcam.com\/#website\"},\"primaryImageOfPage\":{\"@id\":\"https:\/\/gfbcam.com\/?news=discours-de-monsieur-le-president-du-conseil-executif-du-gfbc#primaryimage\"},\"image\":{\"@id\":\"https:\/\/gfbcam.com\/?news=discours-de-monsieur-le-president-du-conseil-executif-du-gfbc#primaryimage\"},\"thumbnailUrl\":\"https:\/\/gfbcam.com\/wp-content\/uploads\/2022\/04\/logoGfbc.png\",\"datePublished\":\"2023-01-30T10:10:05+00:00\",\"breadcrumb\":{\"@id\":\"https:\/\/gfbcam.com\/?news=discours-de-monsieur-le-president-du-conseil-executif-du-gfbc#breadcrumb\"},\"inLanguage\":\"fr-FR\",\"potentialAction\":[{\"@type\":\"ReadAction\",\"target\":[\"https:\/\/gfbcam.com\/?news=discours-de-monsieur-le-president-du-conseil-executif-du-gfbc\"]}]},{\"@type\":\"ImageObject\",\"inLanguage\":\"fr-FR\",\"@id\":\"https:\/\/gfbcam.com\/?news=discours-de-monsieur-le-president-du-conseil-executif-du-gfbc#primaryimage\",\"url\":\"https:\/\/gfbcam.com\/wp-content\/uploads\/2022\/04\/logoGfbc.png\",\"contentUrl\":\"https:\/\/gfbcam.com\/wp-content\/uploads\/2022\/04\/logoGfbc.png\",\"width\":158,\"height\":85},{\"@type\":\"BreadcrumbList\",\"@id\":\"https:\/\/gfbcam.com\/?news=discours-de-monsieur-le-president-du-conseil-executif-du-gfbc#breadcrumb\",\"itemListElement\":[{\"@type\":\"ListItem\",\"position\":1,\"name\":\"Accueil\",\"item\":\"https:\/\/gfbcam.com\/\"},{\"@type\":\"ListItem\",\"position\":2,\"name\":\"News\",\"item\":\"https:\/\/gfbcam.com\/?post_type=news\"},{\"@type\":\"ListItem\",\"position\":3,\"name\":\"DISCOURS DE MONSIEUR LE PR\u00c9SIDENT DU CONSEIL EX\u00c9CUTIF DU GFBC\"}]},{\"@type\":\"WebSite\",\"@id\":\"https:\/\/gfbcam.com\/#website\",\"url\":\"https:\/\/gfbcam.com\/\",\"name\":\"Groupement de la Fili\u00e8re Bois au Cameroun | GFBC\",\"description\":\"Organisation patronale sectorielle des exploitants forestiers du Cameroun\",\"publisher\":{\"@id\":\"https:\/\/gfbcam.com\/#organization\"},\"potentialAction\":[{\"@type\":\"SearchAction\",\"target\":{\"@type\":\"EntryPoint\",\"urlTemplate\":\"https:\/\/gfbcam.com\/?s={search_term_string}\"},\"query-input\":{\"@type\":\"PropertyValueSpecification\",\"valueRequired\":true,\"valueName\":\"search_term_string\"}}],\"inLanguage\":\"fr-FR\"},{\"@type\":\"Organization\",\"@id\":\"https:\/\/gfbcam.com\/#organization\",\"name\":\"Groupement de la Fili\u00e8re Bois au Cameroun | GFBC\",\"url\":\"https:\/\/gfbcam.com\/\",\"logo\":{\"@type\":\"ImageObject\",\"inLanguage\":\"fr-FR\",\"@id\":\"https:\/\/gfbcam.com\/#\/schema\/logo\/image\/\",\"url\":\"https:\/\/gfbcam.com\/wp-content\/uploads\/2024\/05\/cropped-logo_GFBC.png\",\"contentUrl\":\"https:\/\/gfbcam.com\/wp-content\/uploads\/2024\/05\/cropped-logo_GFBC.png\",\"width\":200,\"height\":104,\"caption\":\"Groupement de la Fili\u00e8re Bois au Cameroun | GFBC\"},\"image\":{\"@id\":\"https:\/\/gfbcam.com\/#\/schema\/logo\/image\/\"}}]}<\/script>\n<!-- \/ Yoast SEO plugin. -->","yoast_head_json":{"title":"DISCOURS DE MONSIEUR LE PR\u00c9SIDENT DU CONSEIL EX\u00c9CUTIF DU GFBC - Groupement de la Fili\u00e8re Bois au Cameroun | GFBC","robots":{"index":"index","follow":"follow","max-snippet":"max-snippet:-1","max-image-preview":"max-image-preview:large","max-video-preview":"max-video-preview:-1"},"canonical":"https:\/\/gfbcam.com\/?news=discours-de-monsieur-le-president-du-conseil-executif-du-gfbc","og_locale":"fr_FR","og_type":"article","og_title":"DISCOURS DE MONSIEUR LE PR\u00c9SIDENT DU CONSEIL EX\u00c9CUTIF DU GFBC - Groupement de la Fili\u00e8re Bois au Cameroun | GFBC","og_description":"CEREMONIE D\u2019\u00c9CHANGES DE V\u0152UX AU MINISTRE DES FORETS ET DE LA FAUNE DISCOURS DE MONSIEUR LE PR\u00c9SIDENT DU CONSEIL EX\u00c9CUTIF DU GFBC T\u00e9l\u00e9charger le document PDF.","og_url":"https:\/\/gfbcam.com\/?news=discours-de-monsieur-le-president-du-conseil-executif-du-gfbc","og_site_name":"Groupement de la Fili\u00e8re Bois au Cameroun | GFBC","og_image":[{"width":158,"height":85,"url":"https:\/\/gfbcam.com\/wp-content\/uploads\/2022\/04\/logoGfbc.png","type":"image\/png"}],"twitter_card":"summary_large_image","schema":{"@context":"https:\/\/schema.org","@graph":[{"@type":"WebPage","@id":"https:\/\/gfbcam.com\/?news=discours-de-monsieur-le-president-du-conseil-executif-du-gfbc","url":"https:\/\/gfbcam.com\/?news=discours-de-monsieur-le-president-du-conseil-executif-du-gfbc","name":"DISCOURS DE MONSIEUR LE PR\u00c9SIDENT DU CONSEIL EX\u00c9CUTIF DU GFBC - Groupement de la Fili\u00e8re Bois au Cameroun | GFBC","isPartOf":{"@id":"https:\/\/gfbcam.com\/#website"},"primaryImageOfPage":{"@id":"https:\/\/gfbcam.com\/?news=discours-de-monsieur-le-president-du-conseil-executif-du-gfbc#primaryimage"},"image":{"@id":"https:\/\/gfbcam.com\/?news=discours-de-monsieur-le-president-du-conseil-executif-du-gfbc#primaryimage"},"thumbnailUrl":"https:\/\/gfbcam.com\/wp-content\/uploads\/2022\/04\/logoGfbc.png","datePublished":"2023-01-30T10:10:05+00:00","breadcrumb":{"@id":"https:\/\/gfbcam.com\/?news=discours-de-monsieur-le-president-du-conseil-executif-du-gfbc#breadcrumb"},"inLanguage":"fr-FR","potentialAction":[{"@type":"ReadAction","target":["https:\/\/gfbcam.com\/?news=discours-de-monsieur-le-president-du-conseil-executif-du-gfbc"]}]},{"@type":"ImageObject","inLanguage":"fr-FR","@id":"https:\/\/gfbcam.com\/?news=discours-de-monsieur-le-president-du-conseil-executif-du-gfbc#primaryimage","url":"https:\/\/gfbcam.com\/wp-content\/uploads\/2022\/04\/logoGfbc.png","contentUrl":"https:\/\/gfbcam.com\/wp-content\/uploads\/2022\/04\/logoGfbc.png","width":158,"height":85},{"@type":"BreadcrumbList","@id":"https:\/\/gfbcam.com\/?news=discours-de-monsieur-le-president-du-conseil-executif-du-gfbc#breadcrumb","itemListElement":[{"@type":"ListItem","position":1,"name":"Accueil","item":"https:\/\/gfbcam.com\/"},{"@type":"ListItem","position":2,"name":"News","item":"https:\/\/gfbcam.com\/?post_type=news"},{"@type":"ListItem","position":3,"name":"DISCOURS DE MONSIEUR LE PR\u00c9SIDENT DU CONSEIL EX\u00c9CUTIF DU GFBC"}]},{"@type":"WebSite","@id":"https:\/\/gfbcam.com\/#website","url":"https:\/\/gfbcam.com\/","name":"Groupement de la Fili\u00e8re Bois au Cameroun | GFBC","description":"Organisation patronale sectorielle des exploitants forestiers du Cameroun","publisher":{"@id":"https:\/\/gfbcam.com\/#organization"},"potentialAction":[{"@type":"SearchAction","target":{"@type":"EntryPoint","urlTemplate":"https:\/\/gfbcam.com\/?s={search_term_string}"},"query-input":{"@type":"PropertyValueSpecification","valueRequired":true,"valueName":"search_term_string"}}],"inLanguage":"fr-FR"},{"@type":"Organization","@id":"https:\/\/gfbcam.com\/#organization","name":"Groupement de la Fili\u00e8re Bois au Cameroun | GFBC","url":"https:\/\/gfbcam.com\/","logo":{"@type":"ImageObject","inLanguage":"fr-FR","@id":"https:\/\/gfbcam.com\/#\/schema\/logo\/image\/","url":"https:\/\/gfbcam.com\/wp-content\/uploads\/2024\/05\/cropped-logo_GFBC.png","contentUrl":"https:\/\/gfbcam.com\/wp-content\/uploads\/2024\/05\/cropped-logo_GFBC.png","width":200,"height":104,"caption":"Groupement de la Fili\u00e8re Bois au Cameroun | GFBC"},"image":{"@id":"https:\/\/gfbcam.com\/#\/schema\/logo\/image\/"}}]}},"_links":{"self":[{"href":"https:\/\/gfbcam.com\/index.php?rest_route=\/wp\/v2\/news\/1922","targetHints":{"allow":["GET"]}}],"collection":[{"href":"https:\/\/gfbcam.com\/index.php?rest_route=\/wp\/v2\/news"}],"about":[{"href":"https:\/\/gfbcam.com\/index.php?rest_route=\/wp\/v2\/types\/news"}],"author":[{"embeddable":true,"href":"https:\/\/gfbcam.com\/index.php?rest_route=\/wp\/v2\/users\/2"}],"replies":[{"embeddable":true,"href":"https:\/\/gfbcam.com\/index.php?rest_route=%2Fwp%2Fv2%2Fcomments&post=1922"}],"version-history":[{"count":0,"href":"https:\/\/gfbcam.com\/index.php?rest_route=\/wp\/v2\/news\/1922\/revisions"}],"wp:featuredmedia":[{"embeddable":true,"href":"https:\/\/gfbcam.com\/index.php?rest_route=\/wp\/v2\/media\/20"}],"wp:attachment":[{"href":"https:\/\/gfbcam.com\/index.php?rest_route=%2Fwp%2Fv2%2Fmedia&parent=1922"}],"wp:term":[{"taxonomy":"post_tag","embeddable":true,"href":"https:\/\/gfbcam.com\/index.php?rest_route=%2Fwp%2Fv2%2Ftags&post=1922"},{"taxonomy":"news-category","embeddable":true,"href":"https:\/\/gfbcam.com\/index.php?rest_route=%2Fwp%2Fv2%2Fnews-category&post=1922"}],"curies":[{"name":"wp","href":"https:\/\/api.w.org\/{rel}","templated":true}]}}