{"id":1956,"date":"2023-05-10T13:23:47","date_gmt":"2023-05-10T11:23:47","guid":{"rendered":"https:\/\/gfbcam.com\/?post_type=news&#038;p=1956"},"modified":"2023-05-10T13:23:47","modified_gmt":"2023-05-10T11:23:47","slug":"lettre-circulaire-n077-lc-minfof-df-sdaff-du-29-juin-2021","status":"publish","type":"news","link":"https:\/\/gfbcam.com\/?news=lettre-circulaire-n077-lc-minfof-df-sdaff-du-29-juin-2021","title":{"rendered":"Lettre Circulaire N\u00b0077\/LC\/MINFOF\/DF\/SDAFF du 29 juin 2021"},"content":{"rendered":"<p>Relative \u00e0 l&#8217;organisation et au suivi des op\u00e9rations d&#8217;empotage de bois dans les parcs de rupture de charges et dans les unit\u00e9s de transformation de bois.<\/p>\n<p><a href=\"https:\/\/gfbcam.com\/wp-content\/uploads\/2023\/05\/LETTRE-CIRCULAIRE-N\u00b00077.pdf\" class=\"pdfemb-viewer\" style=\"\" data-width=\"max\" data-height=\"max\" data-toolbar=\"bottom\" data-toolbar-fixed=\"off\">Relative \u00e0 l&#039;organisation et au suivi des op\u00e9rations d&#039;empotage de bois dans les parcs de rupture de charges et dans les unit\u00e9s de transformation de bois.<\/a><br \/>\n<a href=\"https:\/\/gfbcam.com\/wp-content\/uploads\/2023\/05\/LETTRE-CIRCULAIRE-N\u00b00077.pdf\" target=\"_blank\" rel=\"noopener\">T\u00e9l\u00e9charger le document PDF.<\/a><\/p>\n","protected":false},"excerpt":{"rendered":"<p>Relative \u00e0 l&#8217;organisation et au suivi des op\u00e9rations d&#8217;empotage de bois dans les parcs de rupture de charges et dans les unit\u00e9s de transformation de bois. T\u00e9l\u00e9charger le document PDF.<\/p>\n","protected":false},"author":2,"featured_media":0,"comment_status":"closed","ping_status":"closed","template":"","tags":[],"news-category":[],"class_list":["post-1956","news","type-news","status-publish","hentry"],"acf":[],"yoast_head":"<!-- This site is optimized with the Yoast SEO plugin v24.4 - https:\/\/yoast.com\/wordpress\/plugins\/seo\/ -->\n<title>Lettre Circulaire N\u00b0077\/LC\/MINFOF\/DF\/SDAFF du 29 juin 2021 - Groupement de la Fili\u00e8re Bois au Cameroun | GFBC<\/title>\n<meta name=\"robots\" content=\"index, follow, max-snippet:-1, max-image-preview:large, max-video-preview:-1\" \/>\n<link rel=\"canonical\" href=\"https:\/\/gfbcam.com\/?news=lettre-circulaire-n077-lc-minfof-df-sdaff-du-29-juin-2021\" \/>\n<meta property=\"og:locale\" content=\"fr_FR\" \/>\n<meta property=\"og:type\" content=\"article\" \/>\n<meta property=\"og:title\" content=\"Lettre Circulaire N\u00b0077\/LC\/MINFOF\/DF\/SDAFF du 29 juin 2021 - Groupement de la Fili\u00e8re Bois au Cameroun | GFBC\" \/>\n<meta property=\"og:description\" content=\"Relative \u00e0 l&#8217;organisation et au suivi des op\u00e9rations d&#8217;empotage de bois dans les parcs de rupture de charges et dans les unit\u00e9s de transformation de bois. T\u00e9l\u00e9charger le document PDF.\" \/>\n<meta property=\"og:url\" content=\"https:\/\/gfbcam.com\/?news=lettre-circulaire-n077-lc-minfof-df-sdaff-du-29-juin-2021\" \/>\n<meta property=\"og:site_name\" content=\"Groupement de la Fili\u00e8re Bois au Cameroun | GFBC\" \/>\n<meta name=\"twitter:card\" content=\"summary_large_image\" \/>\n<script type=\"application\/ld+json\" class=\"yoast-schema-graph\">{\"@context\":\"https:\/\/schema.org\",\"@graph\":[{\"@type\":\"WebPage\",\"@id\":\"https:\/\/gfbcam.com\/?news=lettre-circulaire-n077-lc-minfof-df-sdaff-du-29-juin-2021\",\"url\":\"https:\/\/gfbcam.com\/?news=lettre-circulaire-n077-lc-minfof-df-sdaff-du-29-juin-2021\",\"name\":\"Lettre Circulaire N\u00b0077\/LC\/MINFOF\/DF\/SDAFF du 29 juin 2021 - Groupement de la Fili\u00e8re Bois au Cameroun | GFBC\",\"isPartOf\":{\"@id\":\"https:\/\/gfbcam.com\/#website\"},\"datePublished\":\"2023-05-10T11:23:47+00:00\",\"breadcrumb\":{\"@id\":\"https:\/\/gfbcam.com\/?news=lettre-circulaire-n077-lc-minfof-df-sdaff-du-29-juin-2021#breadcrumb\"},\"inLanguage\":\"fr-FR\",\"potentialAction\":[{\"@type\":\"ReadAction\",\"target\":[\"https:\/\/gfbcam.com\/?news=lettre-circulaire-n077-lc-minfof-df-sdaff-du-29-juin-2021\"]}]},{\"@type\":\"BreadcrumbList\",\"@id\":\"https:\/\/gfbcam.com\/?news=lettre-circulaire-n077-lc-minfof-df-sdaff-du-29-juin-2021#breadcrumb\",\"itemListElement\":[{\"@type\":\"ListItem\",\"position\":1,\"name\":\"Accueil\",\"item\":\"https:\/\/gfbcam.com\/\"},{\"@type\":\"ListItem\",\"position\":2,\"name\":\"News\",\"item\":\"https:\/\/gfbcam.com\/?post_type=news\"},{\"@type\":\"ListItem\",\"position\":3,\"name\":\"Lettre Circulaire N\u00b0077\/LC\/MINFOF\/DF\/SDAFF du 29 juin 2021\"}]},{\"@type\":\"WebSite\",\"@id\":\"https:\/\/gfbcam.com\/#website\",\"url\":\"https:\/\/gfbcam.com\/\",\"name\":\"Groupement de la Fili\u00e8re Bois au Cameroun | GFBC\",\"description\":\"Organisation patronale sectorielle des exploitants forestiers du Cameroun\",\"publisher\":{\"@id\":\"https:\/\/gfbcam.com\/#organization\"},\"potentialAction\":[{\"@type\":\"SearchAction\",\"target\":{\"@type\":\"EntryPoint\",\"urlTemplate\":\"https:\/\/gfbcam.com\/?s={search_term_string}\"},\"query-input\":{\"@type\":\"PropertyValueSpecification\",\"valueRequired\":true,\"valueName\":\"search_term_string\"}}],\"inLanguage\":\"fr-FR\"},{\"@type\":\"Organization\",\"@id\":\"https:\/\/gfbcam.com\/#organization\",\"name\":\"Groupement de la Fili\u00e8re Bois au Cameroun | GFBC\",\"url\":\"https:\/\/gfbcam.com\/\",\"logo\":{\"@type\":\"ImageObject\",\"inLanguage\":\"fr-FR\",\"@id\":\"https:\/\/gfbcam.com\/#\/schema\/logo\/image\/\",\"url\":\"https:\/\/gfbcam.com\/wp-content\/uploads\/2024\/05\/cropped-logo_GFBC.png\",\"contentUrl\":\"https:\/\/gfbcam.com\/wp-content\/uploads\/2024\/05\/cropped-logo_GFBC.png\",\"width\":200,\"height\":104,\"caption\":\"Groupement de la Fili\u00e8re Bois au Cameroun | GFBC\"},\"image\":{\"@id\":\"https:\/\/gfbcam.com\/#\/schema\/logo\/image\/\"}}]}<\/script>\n<!-- \/ Yoast SEO plugin. -->","yoast_head_json":{"title":"Lettre Circulaire N\u00b0077\/LC\/MINFOF\/DF\/SDAFF du 29 juin 2021 - Groupement de la Fili\u00e8re Bois au Cameroun | GFBC","robots":{"index":"index","follow":"follow","max-snippet":"max-snippet:-1","max-image-preview":"max-image-preview:large","max-video-preview":"max-video-preview:-1"},"canonical":"https:\/\/gfbcam.com\/?news=lettre-circulaire-n077-lc-minfof-df-sdaff-du-29-juin-2021","og_locale":"fr_FR","og_type":"article","og_title":"Lettre Circulaire N\u00b0077\/LC\/MINFOF\/DF\/SDAFF du 29 juin 2021 - Groupement de la Fili\u00e8re Bois au Cameroun | GFBC","og_description":"Relative \u00e0 l&#8217;organisation et au suivi des op\u00e9rations d&#8217;empotage de bois dans les parcs de rupture de charges et dans les unit\u00e9s de transformation de bois. T\u00e9l\u00e9charger le document PDF.","og_url":"https:\/\/gfbcam.com\/?news=lettre-circulaire-n077-lc-minfof-df-sdaff-du-29-juin-2021","og_site_name":"Groupement de la Fili\u00e8re Bois au Cameroun | GFBC","twitter_card":"summary_large_image","schema":{"@context":"https:\/\/schema.org","@graph":[{"@type":"WebPage","@id":"https:\/\/gfbcam.com\/?news=lettre-circulaire-n077-lc-minfof-df-sdaff-du-29-juin-2021","url":"https:\/\/gfbcam.com\/?news=lettre-circulaire-n077-lc-minfof-df-sdaff-du-29-juin-2021","name":"Lettre Circulaire N\u00b0077\/LC\/MINFOF\/DF\/SDAFF du 29 juin 2021 - Groupement de la Fili\u00e8re Bois au Cameroun | GFBC","isPartOf":{"@id":"https:\/\/gfbcam.com\/#website"},"datePublished":"2023-05-10T11:23:47+00:00","breadcrumb":{"@id":"https:\/\/gfbcam.com\/?news=lettre-circulaire-n077-lc-minfof-df-sdaff-du-29-juin-2021#breadcrumb"},"inLanguage":"fr-FR","potentialAction":[{"@type":"ReadAction","target":["https:\/\/gfbcam.com\/?news=lettre-circulaire-n077-lc-minfof-df-sdaff-du-29-juin-2021"]}]},{"@type":"BreadcrumbList","@id":"https:\/\/gfbcam.com\/?news=lettre-circulaire-n077-lc-minfof-df-sdaff-du-29-juin-2021#breadcrumb","itemListElement":[{"@type":"ListItem","position":1,"name":"Accueil","item":"https:\/\/gfbcam.com\/"},{"@type":"ListItem","position":2,"name":"News","item":"https:\/\/gfbcam.com\/?post_type=news"},{"@type":"ListItem","position":3,"name":"Lettre Circulaire N\u00b0077\/LC\/MINFOF\/DF\/SDAFF du 29 juin 2021"}]},{"@type":"WebSite","@id":"https:\/\/gfbcam.com\/#website","url":"https:\/\/gfbcam.com\/","name":"Groupement de la Fili\u00e8re Bois au Cameroun | GFBC","description":"Organisation patronale sectorielle des exploitants forestiers du Cameroun","publisher":{"@id":"https:\/\/gfbcam.com\/#organization"},"potentialAction":[{"@type":"SearchAction","target":{"@type":"EntryPoint","urlTemplate":"https:\/\/gfbcam.com\/?s={search_term_string}"},"query-input":{"@type":"PropertyValueSpecification","valueRequired":true,"valueName":"search_term_string"}}],"inLanguage":"fr-FR"},{"@type":"Organization","@id":"https:\/\/gfbcam.com\/#organization","name":"Groupement de la Fili\u00e8re Bois au Cameroun | GFBC","url":"https:\/\/gfbcam.com\/","logo":{"@type":"ImageObject","inLanguage":"fr-FR","@id":"https:\/\/gfbcam.com\/#\/schema\/logo\/image\/","url":"https:\/\/gfbcam.com\/wp-content\/uploads\/2024\/05\/cropped-logo_GFBC.png","contentUrl":"https:\/\/gfbcam.com\/wp-content\/uploads\/2024\/05\/cropped-logo_GFBC.png","width":200,"height":104,"caption":"Groupement de la Fili\u00e8re Bois au Cameroun | GFBC"},"image":{"@id":"https:\/\/gfbcam.com\/#\/schema\/logo\/image\/"}}]}},"_links":{"self":[{"href":"https:\/\/gfbcam.com\/index.php?rest_route=\/wp\/v2\/news\/1956","targetHints":{"allow":["GET"]}}],"collection":[{"href":"https:\/\/gfbcam.com\/index.php?rest_route=\/wp\/v2\/news"}],"about":[{"href":"https:\/\/gfbcam.com\/index.php?rest_route=\/wp\/v2\/types\/news"}],"author":[{"embeddable":true,"href":"https:\/\/gfbcam.com\/index.php?rest_route=\/wp\/v2\/users\/2"}],"replies":[{"embeddable":true,"href":"https:\/\/gfbcam.com\/index.php?rest_route=%2Fwp%2Fv2%2Fcomments&post=1956"}],"version-history":[{"count":0,"href":"https:\/\/gfbcam.com\/index.php?rest_route=\/wp\/v2\/news\/1956\/revisions"}],"wp:attachment":[{"href":"https:\/\/gfbcam.com\/index.php?rest_route=%2Fwp%2Fv2%2Fmedia&parent=1956"}],"wp:term":[{"taxonomy":"post_tag","embeddable":true,"href":"https:\/\/gfbcam.com\/index.php?rest_route=%2Fwp%2Fv2%2Ftags&post=1956"},{"taxonomy":"news-category","embeddable":true,"href":"https:\/\/gfbcam.com\/index.php?rest_route=%2Fwp%2Fv2%2Fnews-category&post=1956"}],"curies":[{"name":"wp","href":"https:\/\/api.w.org\/{rel}","templated":true}]}}