{"id":1318,"date":"2022-06-22T12:30:26","date_gmt":"2022-06-22T10:30:26","guid":{"rendered":"http:\/\/review.gfbcam.com\/?p=1318"},"modified":"2022-07-18T14:00:09","modified_gmt":"2022-07-18T12:00:09","slug":"edition-n-6-edition-speciale","status":"publish","type":"post","link":"https:\/\/gfbcam.com\/?p=1318","title":{"rendered":"\u00c9dition n\u00b0 6 (\u00e9dition sp\u00e9ciale)"},"content":{"rendered":"<div class=\"row\">\n<div class=\"col-md-4\"><a href=\"http:\/\/gfbcam.com\/wp-content\/uploads\/2016\/05\/editionspeciale.jpg\" rel=\"attachment wp-att-157\"><img fetchpriority=\"high\" decoding=\"async\" class=\"aligncenter size-medium wp-image-157\" src=\"http:\/\/gfbcam.com\/wp-content\/uploads\/2022\/06\/editionspeciale-300x248-1.jpg\" alt=\"editionspeciale\" width=\"300\" height=\"248\" \/><\/a><\/div>\n<div class=\"col-md-8\">\n<p>Dans cette \u00e9dition<\/p>\n<ol>\n<li><span style=\"font-weight: bold;\">Projet Sant\u00e9:<\/span> Congr\u00e8s international CIST 2015 sur la sant\u00e9 au travail: S\u00e9oul (Cor\u00e9e du Sud), du 31 mai au 5 juin 2015<\/li>\n<li><span style=\"font-weight: bold;\">Dossier du mois:<\/span> Sant\u00e9 et S\u00e9curit\u00e9 au travail<\/li>\n<li><span style=\"font-weight: bold;\">L\u00b4article du mois:<\/span> Sant\u00e9 au travail : les troubles musculo-squelettiques au bureau<\/li>\n<li><span style=\"font-weight: bold;\">Espace entreprises:<\/span> Formation du personnel soignant au Secourisme<\/li>\n<\/ol>\n<div class='w3eden'><!-- WPDM Link Template: Default Template -->\n\n<div class=\"link-template-default card mb-2\">\n    <div class=\"card-body\">\n        <div class=\"media\">\n            <div class=\"mr-3 img-48\"><img decoding=\"async\" class=\"wpdm_icon\" alt=\"Ic\u00f4ne\"   src=\"https:\/\/gfbcam.com\/wp-content\/plugins\/download-manager\/assets\/file-type-icons\/pdf.png\" \/><\/div>\n            <div class=\"media-body\">\n                <h3 class=\"package-title\"><a href='https:\/\/gfbcam.com\/?wpdmpro=dossier-du-mois-edition-speciale'>Dossier du mois \u00e9dition sp\u00e9ciale<\/a><\/h3>\n                <div class=\"text-muted text-small\"><i class=\"fas fa-copy\"><\/i> 1 fichier\u00b7s <i class=\"fas fa-hdd ml-3\"><\/i> 682.50 KB<\/div>\n            <\/div>\n            <div class=\"ml-3\">\n                <a class='wpdm-download-link download-on-click btn btn-primary ' rel='nofollow' href='#' data-downloadurl=\"https:\/\/gfbcam.com\/?wpdmpro=dossier-du-mois-edition-speciale&wpdmdl=1321&refresh=69f2169966c701777473177\">T\u00e9l\u00e9charger<\/a>\n            <\/div>\n        <\/div>\n    <\/div>\n<\/div>\n\n<\/div>\n<\/div>\n<\/div>\n<div><\/div>\n<div><\/div>\n","protected":false},"excerpt":{"rendered":"<p>Dans cette \u00e9dition Projet Sant\u00e9: Congr\u00e8s international CIST 2015 sur la sant\u00e9 au travail: S\u00e9oul (Cor\u00e9e du Sud), du 31 mai au 5 juin 2015 Dossier du mois: Sant\u00e9 et S\u00e9curit\u00e9 au travail L\u00b4article du mois: Sant\u00e9 au travail : les troubles musculo-squelettiques au bureau Espace entreprises: Formation du personnel soignant au Secourisme<\/p>\n","protected":false},"author":1,"featured_media":1700,"comment_status":"open","ping_status":"open","sticky":false,"template":"","format":"standard","meta":{"_acf_changed":false,"footnotes":""},"categories":[16],"tags":[],"class_list":["post-1318","post","type-post","status-publish","format-standard","has-post-thumbnail","hentry","category-dossier-du-mois"],"acf":[],"yoast_head":"<!-- This site is optimized with the Yoast SEO plugin v24.4 - https:\/\/yoast.com\/wordpress\/plugins\/seo\/ -->\n<title>\u00c9dition n\u00b0 6 (\u00e9dition sp\u00e9ciale) - Groupement de la Fili\u00e8re Bois au Cameroun | GFBC<\/title>\n<meta name=\"robots\" content=\"index, follow, max-snippet:-1, max-image-preview:large, max-video-preview:-1\" \/>\n<link rel=\"canonical\" href=\"https:\/\/gfbcam.com\/?p=1318\" \/>\n<meta property=\"og:locale\" content=\"fr_FR\" \/>\n<meta property=\"og:type\" content=\"article\" \/>\n<meta property=\"og:title\" content=\"\u00c9dition n\u00b0 6 (\u00e9dition sp\u00e9ciale) - Groupement de la Fili\u00e8re Bois au Cameroun | GFBC\" \/>\n<meta property=\"og:description\" content=\"Dans cette \u00e9dition Projet Sant\u00e9: Congr\u00e8s international CIST 2015 sur la sant\u00e9 au travail: S\u00e9oul (Cor\u00e9e du Sud), du 31 mai au 5 juin 2015 Dossier du mois: Sant\u00e9 et S\u00e9curit\u00e9 au travail L\u00b4article du mois: Sant\u00e9 au travail : les troubles musculo-squelettiques au bureau Espace entreprises: Formation du personnel soignant au Secourisme\" \/>\n<meta property=\"og:url\" content=\"https:\/\/gfbcam.com\/?p=1318\" \/>\n<meta property=\"og:site_name\" content=\"Groupement de la Fili\u00e8re Bois au Cameroun | GFBC\" \/>\n<meta property=\"article:published_time\" content=\"2022-06-22T10:30:26+00:00\" \/>\n<meta property=\"article:modified_time\" content=\"2022-07-18T12:00:09+00:00\" \/>\n<meta property=\"og:image\" content=\"https:\/\/gfbcam.com\/wp-content\/uploads\/2022\/06\/editionspeciale-1024x683.png\" \/>\n\t<meta property=\"og:image:width\" content=\"1024\" \/>\n\t<meta property=\"og:image:height\" content=\"683\" \/>\n\t<meta property=\"og:image:type\" content=\"image\/png\" \/>\n<meta name=\"author\" content=\"ruben\" \/>\n<meta name=\"twitter:card\" content=\"summary_large_image\" \/>\n<meta name=\"twitter:label1\" content=\"\u00c9crit par\" \/>\n\t<meta name=\"twitter:data1\" content=\"ruben\" \/>\n<script type=\"application\/ld+json\" class=\"yoast-schema-graph\">{\"@context\":\"https:\/\/schema.org\",\"@graph\":[{\"@type\":\"Article\",\"@id\":\"https:\/\/gfbcam.com\/?p=1318#article\",\"isPartOf\":{\"@id\":\"https:\/\/gfbcam.com\/?p=1318\"},\"author\":{\"name\":\"ruben\",\"@id\":\"https:\/\/gfbcam.com\/#\/schema\/person\/2234da6deb8f73fa80d41b525e62ca1b\"},\"headline\":\"\u00c9dition n\u00b0 6 (\u00e9dition sp\u00e9ciale)\",\"datePublished\":\"2022-06-22T10:30:26+00:00\",\"dateModified\":\"2022-07-18T12:00:09+00:00\",\"mainEntityOfPage\":{\"@id\":\"https:\/\/gfbcam.com\/?p=1318\"},\"wordCount\":61,\"commentCount\":0,\"publisher\":{\"@id\":\"https:\/\/gfbcam.com\/#organization\"},\"image\":{\"@id\":\"https:\/\/gfbcam.com\/?p=1318#primaryimage\"},\"thumbnailUrl\":\"https:\/\/gfbcam.com\/wp-content\/uploads\/2022\/06\/editionspeciale.png\",\"articleSection\":[\"Dossier du mois\"],\"inLanguage\":\"fr-FR\",\"potentialAction\":[{\"@type\":\"CommentAction\",\"name\":\"Comment\",\"target\":[\"https:\/\/gfbcam.com\/?p=1318#respond\"]}]},{\"@type\":\"WebPage\",\"@id\":\"https:\/\/gfbcam.com\/?p=1318\",\"url\":\"https:\/\/gfbcam.com\/?p=1318\",\"name\":\"\u00c9dition n\u00b0 6 (\u00e9dition sp\u00e9ciale) - Groupement de la Fili\u00e8re Bois au Cameroun | GFBC\",\"isPartOf\":{\"@id\":\"https:\/\/gfbcam.com\/#website\"},\"primaryImageOfPage\":{\"@id\":\"https:\/\/gfbcam.com\/?p=1318#primaryimage\"},\"image\":{\"@id\":\"https:\/\/gfbcam.com\/?p=1318#primaryimage\"},\"thumbnailUrl\":\"https:\/\/gfbcam.com\/wp-content\/uploads\/2022\/06\/editionspeciale.png\",\"datePublished\":\"2022-06-22T10:30:26+00:00\",\"dateModified\":\"2022-07-18T12:00:09+00:00\",\"breadcrumb\":{\"@id\":\"https:\/\/gfbcam.com\/?p=1318#breadcrumb\"},\"inLanguage\":\"fr-FR\",\"potentialAction\":[{\"@type\":\"ReadAction\",\"target\":[\"https:\/\/gfbcam.com\/?p=1318\"]}]},{\"@type\":\"ImageObject\",\"inLanguage\":\"fr-FR\",\"@id\":\"https:\/\/gfbcam.com\/?p=1318#primaryimage\",\"url\":\"https:\/\/gfbcam.com\/wp-content\/uploads\/2022\/06\/editionspeciale.png\",\"contentUrl\":\"https:\/\/gfbcam.com\/wp-content\/uploads\/2022\/06\/editionspeciale.png\",\"width\":2560,\"height\":1707},{\"@type\":\"BreadcrumbList\",\"@id\":\"https:\/\/gfbcam.com\/?p=1318#breadcrumb\",\"itemListElement\":[{\"@type\":\"ListItem\",\"position\":1,\"name\":\"Accueil\",\"item\":\"https:\/\/gfbcam.com\/\"},{\"@type\":\"ListItem\",\"position\":2,\"name\":\"\u00c9dition n\u00b0 6 (\u00e9dition sp\u00e9ciale)\"}]},{\"@type\":\"WebSite\",\"@id\":\"https:\/\/gfbcam.com\/#website\",\"url\":\"https:\/\/gfbcam.com\/\",\"name\":\"Groupement de la Fili\u00e8re Bois au Cameroun | GFBC\",\"description\":\"Organisation patronale sectorielle des exploitants forestiers du Cameroun\",\"publisher\":{\"@id\":\"https:\/\/gfbcam.com\/#organization\"},\"potentialAction\":[{\"@type\":\"SearchAction\",\"target\":{\"@type\":\"EntryPoint\",\"urlTemplate\":\"https:\/\/gfbcam.com\/?s={search_term_string}\"},\"query-input\":{\"@type\":\"PropertyValueSpecification\",\"valueRequired\":true,\"valueName\":\"search_term_string\"}}],\"inLanguage\":\"fr-FR\"},{\"@type\":\"Organization\",\"@id\":\"https:\/\/gfbcam.com\/#organization\",\"name\":\"Groupement de la Fili\u00e8re Bois au Cameroun | GFBC\",\"url\":\"https:\/\/gfbcam.com\/\",\"logo\":{\"@type\":\"ImageObject\",\"inLanguage\":\"fr-FR\",\"@id\":\"https:\/\/gfbcam.com\/#\/schema\/logo\/image\/\",\"url\":\"https:\/\/gfbcam.com\/wp-content\/uploads\/2024\/05\/cropped-logo_GFBC.png\",\"contentUrl\":\"https:\/\/gfbcam.com\/wp-content\/uploads\/2024\/05\/cropped-logo_GFBC.png\",\"width\":200,\"height\":104,\"caption\":\"Groupement de la Fili\u00e8re Bois au Cameroun | GFBC\"},\"image\":{\"@id\":\"https:\/\/gfbcam.com\/#\/schema\/logo\/image\/\"}},{\"@type\":\"Person\",\"@id\":\"https:\/\/gfbcam.com\/#\/schema\/person\/2234da6deb8f73fa80d41b525e62ca1b\",\"name\":\"ruben\",\"image\":{\"@type\":\"ImageObject\",\"inLanguage\":\"fr-FR\",\"@id\":\"https:\/\/gfbcam.com\/#\/schema\/person\/image\/\",\"url\":\"https:\/\/secure.gravatar.com\/avatar\/f3711d4bb3a090e3ba26810cef6d2609e49126ae4bece81fa7bfe7afe631c0b1?s=96&d=mm&r=g\",\"contentUrl\":\"https:\/\/secure.gravatar.com\/avatar\/f3711d4bb3a090e3ba26810cef6d2609e49126ae4bece81fa7bfe7afe631c0b1?s=96&d=mm&r=g\",\"caption\":\"ruben\"},\"description\":\"Administrateur du site GFBC\",\"sameAs\":[\"http:\/\/localhost\/gfbcam.com\"],\"url\":\"https:\/\/gfbcam.com\/?author=1\"}]}<\/script>\n<!-- \/ Yoast SEO plugin. -->","yoast_head_json":{"title":"\u00c9dition n\u00b0 6 (\u00e9dition sp\u00e9ciale) - Groupement de la Fili\u00e8re Bois au Cameroun | GFBC","robots":{"index":"index","follow":"follow","max-snippet":"max-snippet:-1","max-image-preview":"max-image-preview:large","max-video-preview":"max-video-preview:-1"},"canonical":"https:\/\/gfbcam.com\/?p=1318","og_locale":"fr_FR","og_type":"article","og_title":"\u00c9dition n\u00b0 6 (\u00e9dition sp\u00e9ciale) - Groupement de la Fili\u00e8re Bois au Cameroun | GFBC","og_description":"Dans cette \u00e9dition Projet Sant\u00e9: Congr\u00e8s international CIST 2015 sur la sant\u00e9 au travail: S\u00e9oul (Cor\u00e9e du Sud), du 31 mai au 5 juin 2015 Dossier du mois: Sant\u00e9 et S\u00e9curit\u00e9 au travail L\u00b4article du mois: Sant\u00e9 au travail : les troubles musculo-squelettiques au bureau Espace entreprises: Formation du personnel soignant au Secourisme","og_url":"https:\/\/gfbcam.com\/?p=1318","og_site_name":"Groupement de la Fili\u00e8re Bois au Cameroun | GFBC","article_published_time":"2022-06-22T10:30:26+00:00","article_modified_time":"2022-07-18T12:00:09+00:00","og_image":[{"width":1024,"height":683,"url":"https:\/\/gfbcam.com\/wp-content\/uploads\/2022\/06\/editionspeciale-1024x683.png","type":"image\/png"}],"author":"ruben","twitter_card":"summary_large_image","twitter_misc":{"\u00c9crit par":"ruben"},"schema":{"@context":"https:\/\/schema.org","@graph":[{"@type":"Article","@id":"https:\/\/gfbcam.com\/?p=1318#article","isPartOf":{"@id":"https:\/\/gfbcam.com\/?p=1318"},"author":{"name":"ruben","@id":"https:\/\/gfbcam.com\/#\/schema\/person\/2234da6deb8f73fa80d41b525e62ca1b"},"headline":"\u00c9dition n\u00b0 6 (\u00e9dition sp\u00e9ciale)","datePublished":"2022-06-22T10:30:26+00:00","dateModified":"2022-07-18T12:00:09+00:00","mainEntityOfPage":{"@id":"https:\/\/gfbcam.com\/?p=1318"},"wordCount":61,"commentCount":0,"publisher":{"@id":"https:\/\/gfbcam.com\/#organization"},"image":{"@id":"https:\/\/gfbcam.com\/?p=1318#primaryimage"},"thumbnailUrl":"https:\/\/gfbcam.com\/wp-content\/uploads\/2022\/06\/editionspeciale.png","articleSection":["Dossier du mois"],"inLanguage":"fr-FR","potentialAction":[{"@type":"CommentAction","name":"Comment","target":["https:\/\/gfbcam.com\/?p=1318#respond"]}]},{"@type":"WebPage","@id":"https:\/\/gfbcam.com\/?p=1318","url":"https:\/\/gfbcam.com\/?p=1318","name":"\u00c9dition n\u00b0 6 (\u00e9dition sp\u00e9ciale) - Groupement de la Fili\u00e8re Bois au Cameroun | GFBC","isPartOf":{"@id":"https:\/\/gfbcam.com\/#website"},"primaryImageOfPage":{"@id":"https:\/\/gfbcam.com\/?p=1318#primaryimage"},"image":{"@id":"https:\/\/gfbcam.com\/?p=1318#primaryimage"},"thumbnailUrl":"https:\/\/gfbcam.com\/wp-content\/uploads\/2022\/06\/editionspeciale.png","datePublished":"2022-06-22T10:30:26+00:00","dateModified":"2022-07-18T12:00:09+00:00","breadcrumb":{"@id":"https:\/\/gfbcam.com\/?p=1318#breadcrumb"},"inLanguage":"fr-FR","potentialAction":[{"@type":"ReadAction","target":["https:\/\/gfbcam.com\/?p=1318"]}]},{"@type":"ImageObject","inLanguage":"fr-FR","@id":"https:\/\/gfbcam.com\/?p=1318#primaryimage","url":"https:\/\/gfbcam.com\/wp-content\/uploads\/2022\/06\/editionspeciale.png","contentUrl":"https:\/\/gfbcam.com\/wp-content\/uploads\/2022\/06\/editionspeciale.png","width":2560,"height":1707},{"@type":"BreadcrumbList","@id":"https:\/\/gfbcam.com\/?p=1318#breadcrumb","itemListElement":[{"@type":"ListItem","position":1,"name":"Accueil","item":"https:\/\/gfbcam.com\/"},{"@type":"ListItem","position":2,"name":"\u00c9dition n\u00b0 6 (\u00e9dition sp\u00e9ciale)"}]},{"@type":"WebSite","@id":"https:\/\/gfbcam.com\/#website","url":"https:\/\/gfbcam.com\/","name":"Groupement de la Fili\u00e8re Bois au Cameroun | GFBC","description":"Organisation patronale sectorielle des exploitants forestiers du Cameroun","publisher":{"@id":"https:\/\/gfbcam.com\/#organization"},"potentialAction":[{"@type":"SearchAction","target":{"@type":"EntryPoint","urlTemplate":"https:\/\/gfbcam.com\/?s={search_term_string}"},"query-input":{"@type":"PropertyValueSpecification","valueRequired":true,"valueName":"search_term_string"}}],"inLanguage":"fr-FR"},{"@type":"Organization","@id":"https:\/\/gfbcam.com\/#organization","name":"Groupement de la Fili\u00e8re Bois au Cameroun | GFBC","url":"https:\/\/gfbcam.com\/","logo":{"@type":"ImageObject","inLanguage":"fr-FR","@id":"https:\/\/gfbcam.com\/#\/schema\/logo\/image\/","url":"https:\/\/gfbcam.com\/wp-content\/uploads\/2024\/05\/cropped-logo_GFBC.png","contentUrl":"https:\/\/gfbcam.com\/wp-content\/uploads\/2024\/05\/cropped-logo_GFBC.png","width":200,"height":104,"caption":"Groupement de la Fili\u00e8re Bois au Cameroun | GFBC"},"image":{"@id":"https:\/\/gfbcam.com\/#\/schema\/logo\/image\/"}},{"@type":"Person","@id":"https:\/\/gfbcam.com\/#\/schema\/person\/2234da6deb8f73fa80d41b525e62ca1b","name":"ruben","image":{"@type":"ImageObject","inLanguage":"fr-FR","@id":"https:\/\/gfbcam.com\/#\/schema\/person\/image\/","url":"https:\/\/secure.gravatar.com\/avatar\/f3711d4bb3a090e3ba26810cef6d2609e49126ae4bece81fa7bfe7afe631c0b1?s=96&d=mm&r=g","contentUrl":"https:\/\/secure.gravatar.com\/avatar\/f3711d4bb3a090e3ba26810cef6d2609e49126ae4bece81fa7bfe7afe631c0b1?s=96&d=mm&r=g","caption":"ruben"},"description":"Administrateur du site GFBC","sameAs":["http:\/\/localhost\/gfbcam.com"],"url":"https:\/\/gfbcam.com\/?author=1"}]}},"_links":{"self":[{"href":"https:\/\/gfbcam.com\/index.php?rest_route=\/wp\/v2\/posts\/1318","targetHints":{"allow":["GET"]}}],"collection":[{"href":"https:\/\/gfbcam.com\/index.php?rest_route=\/wp\/v2\/posts"}],"about":[{"href":"https:\/\/gfbcam.com\/index.php?rest_route=\/wp\/v2\/types\/post"}],"author":[{"embeddable":true,"href":"https:\/\/gfbcam.com\/index.php?rest_route=\/wp\/v2\/users\/1"}],"replies":[{"embeddable":true,"href":"https:\/\/gfbcam.com\/index.php?rest_route=%2Fwp%2Fv2%2Fcomments&post=1318"}],"version-history":[{"count":0,"href":"https:\/\/gfbcam.com\/index.php?rest_route=\/wp\/v2\/posts\/1318\/revisions"}],"wp:featuredmedia":[{"embeddable":true,"href":"https:\/\/gfbcam.com\/index.php?rest_route=\/wp\/v2\/media\/1700"}],"wp:attachment":[{"href":"https:\/\/gfbcam.com\/index.php?rest_route=%2Fwp%2Fv2%2Fmedia&parent=1318"}],"wp:term":[{"taxonomy":"category","embeddable":true,"href":"https:\/\/gfbcam.com\/index.php?rest_route=%2Fwp%2Fv2%2Fcategories&post=1318"},{"taxonomy":"post_tag","embeddable":true,"href":"https:\/\/gfbcam.com\/index.php?rest_route=%2Fwp%2Fv2%2Ftags&post=1318"}],"curies":[{"name":"wp","href":"https:\/\/api.w.org\/{rel}","templated":true}]}}