{"id":1920,"date":"2023-01-26T12:12:43","date_gmt":"2023-01-26T11:12:43","guid":{"rendered":"https:\/\/gfbcam.com\/?p=1920"},"modified":"2024-09-21T19:35:08","modified_gmt":"2024-09-21T17:35:08","slug":"arrete-038-minfi-du-19-janvier-2023-portant-constatation-des-valeurs-fob","status":"publish","type":"post","link":"https:\/\/gfbcam.com\/?p=1920","title":{"rendered":"Arr\u00eat\u00e9 n\u00b0038 MINFI du 19 janvier 2023 portant constatation des valeurs FOB."},"content":{"rendered":"<p>ARR\u00caT\u00c9 038 MINFI DU 19 JANVIER 2023 Portant constatation des valeurs FOB des Bois en grumes et d\u00e9bit\u00e9s \u00e0 l&#8217;export pour 6 mois<\/p>\n<p><a href=\"https:\/\/gfbcam.com\/wp-content\/uploads\/2023\/01\/ARRETE-038-MINFI-DU-19-JANVIER-2023-Portant-constation-des-valeurs-FOB-des-Bois-en-grumes-et-debites-a-lexport-pour-6-mois.pdf\" class=\"pdfemb-viewer\" style=\"\" data-width=\"max\" data-height=\"max\" data-toolbar=\"bottom\" data-toolbar-fixed=\"off\">ARR\u00caT\u00c9 038 MINFI DU 19 JANVIER 2023 Portant constatation des valeurs FOB des Bois en grumes et d\u00e9bit\u00e9s \u00e0 l&#039;export pour 6 mois<\/a><br \/>\n<a href=\"https:\/\/gfbcam.com\/wp-content\/uploads\/2023\/01\/ARRETE-0013-MINFI-DGD-DU-03-JANVIER-2023-PORTANT-CONSTATATION-DES-VALEURS-FOB-DES-BOIS-EN-GRUMES-ET-DEBITES-A-LEXPORTATION.pdf\" target=\"_blank\" rel=\"noopener\">T\u00e9l\u00e9charger le document PDF. <\/a><\/p>\n","protected":false},"excerpt":{"rendered":"<p>ARR\u00caT\u00c9 038 MINFI DU 19 JANVIER 2023 Portant constatation des valeurs FOB des Bois en grumes et d\u00e9bit\u00e9s \u00e0 l&#8217;export pour 6 mois T\u00e9l\u00e9charger le document PDF.<\/p>\n","protected":false},"author":1,"featured_media":2700,"comment_status":"closed","ping_status":"open","sticky":false,"template":"","format":"standard","meta":{"_acf_changed":false,"footnotes":""},"categories":[38,18],"tags":[],"class_list":["post-1920","post","type-post","status-publish","format-standard","has-post-thumbnail","hentry","category-cadre-juridique","category-projet-fao-pme"],"acf":[],"yoast_head":"<!-- This site is optimized with the Yoast SEO plugin v24.4 - https:\/\/yoast.com\/wordpress\/plugins\/seo\/ -->\n<title>Arr\u00eat\u00e9 n\u00b0038 MINFI du 19 janvier 2023 portant constatation des valeurs FOB. - Groupement de la Fili\u00e8re Bois au Cameroun | GFBC<\/title>\n<meta name=\"robots\" content=\"index, follow, max-snippet:-1, max-image-preview:large, max-video-preview:-1\" \/>\n<link rel=\"canonical\" href=\"https:\/\/gfbcam.com\/?p=1920\" \/>\n<meta property=\"og:locale\" content=\"fr_FR\" \/>\n<meta property=\"og:type\" content=\"article\" \/>\n<meta property=\"og:title\" content=\"Arr\u00eat\u00e9 n\u00b0038 MINFI du 19 janvier 2023 portant constatation des valeurs FOB. - Groupement de la Fili\u00e8re Bois au Cameroun | GFBC\" \/>\n<meta property=\"og:description\" content=\"ARR\u00caT\u00c9 038 MINFI DU 19 JANVIER 2023 Portant constatation des valeurs FOB des Bois en grumes et d\u00e9bit\u00e9s \u00e0 l&#8217;export pour 6 mois T\u00e9l\u00e9charger le document PDF.\" \/>\n<meta property=\"og:url\" content=\"https:\/\/gfbcam.com\/?p=1920\" \/>\n<meta property=\"og:site_name\" content=\"Groupement de la Fili\u00e8re Bois au Cameroun | GFBC\" \/>\n<meta property=\"article:published_time\" content=\"2023-01-26T11:12:43+00:00\" \/>\n<meta property=\"article:modified_time\" content=\"2024-09-21T17:35:08+00:00\" \/>\n<meta property=\"og:image\" content=\"https:\/\/gfbcam.com\/wp-content\/uploads\/2024\/08\/icone_lois_conventions.png\" \/>\n\t<meta property=\"og:image:width\" content=\"150\" \/>\n\t<meta property=\"og:image:height\" content=\"150\" \/>\n\t<meta property=\"og:image:type\" content=\"image\/png\" \/>\n<meta name=\"author\" content=\"ruben\" \/>\n<meta name=\"twitter:card\" content=\"summary_large_image\" \/>\n<meta name=\"twitter:label1\" content=\"\u00c9crit par\" \/>\n\t<meta name=\"twitter:data1\" content=\"ruben\" \/>\n<script type=\"application\/ld+json\" class=\"yoast-schema-graph\">{\"@context\":\"https:\/\/schema.org\",\"@graph\":[{\"@type\":\"Article\",\"@id\":\"https:\/\/gfbcam.com\/?p=1920#article\",\"isPartOf\":{\"@id\":\"https:\/\/gfbcam.com\/?p=1920\"},\"author\":{\"name\":\"ruben\",\"@id\":\"https:\/\/gfbcam.com\/#\/schema\/person\/2234da6deb8f73fa80d41b525e62ca1b\"},\"headline\":\"Arr\u00eat\u00e9 n\u00b0038 MINFI du 19 janvier 2023 portant constatation des valeurs FOB.\",\"datePublished\":\"2023-01-26T11:12:43+00:00\",\"dateModified\":\"2024-09-21T17:35:08+00:00\",\"mainEntityOfPage\":{\"@id\":\"https:\/\/gfbcam.com\/?p=1920\"},\"wordCount\":75,\"publisher\":{\"@id\":\"https:\/\/gfbcam.com\/#organization\"},\"image\":{\"@id\":\"https:\/\/gfbcam.com\/?p=1920#primaryimage\"},\"thumbnailUrl\":\"https:\/\/gfbcam.com\/wp-content\/uploads\/2024\/08\/icone_lois_conventions.png\",\"articleSection\":[\"Cadre juridique\",\"Projet FAO PME\"],\"inLanguage\":\"fr-FR\"},{\"@type\":\"WebPage\",\"@id\":\"https:\/\/gfbcam.com\/?p=1920\",\"url\":\"https:\/\/gfbcam.com\/?p=1920\",\"name\":\"Arr\u00eat\u00e9 n\u00b0038 MINFI du 19 janvier 2023 portant constatation des valeurs FOB. - Groupement de la Fili\u00e8re Bois au Cameroun | GFBC\",\"isPartOf\":{\"@id\":\"https:\/\/gfbcam.com\/#website\"},\"primaryImageOfPage\":{\"@id\":\"https:\/\/gfbcam.com\/?p=1920#primaryimage\"},\"image\":{\"@id\":\"https:\/\/gfbcam.com\/?p=1920#primaryimage\"},\"thumbnailUrl\":\"https:\/\/gfbcam.com\/wp-content\/uploads\/2024\/08\/icone_lois_conventions.png\",\"datePublished\":\"2023-01-26T11:12:43+00:00\",\"dateModified\":\"2024-09-21T17:35:08+00:00\",\"breadcrumb\":{\"@id\":\"https:\/\/gfbcam.com\/?p=1920#breadcrumb\"},\"inLanguage\":\"fr-FR\",\"potentialAction\":[{\"@type\":\"ReadAction\",\"target\":[\"https:\/\/gfbcam.com\/?p=1920\"]}]},{\"@type\":\"ImageObject\",\"inLanguage\":\"fr-FR\",\"@id\":\"https:\/\/gfbcam.com\/?p=1920#primaryimage\",\"url\":\"https:\/\/gfbcam.com\/wp-content\/uploads\/2024\/08\/icone_lois_conventions.png\",\"contentUrl\":\"https:\/\/gfbcam.com\/wp-content\/uploads\/2024\/08\/icone_lois_conventions.png\",\"width\":150,\"height\":150},{\"@type\":\"BreadcrumbList\",\"@id\":\"https:\/\/gfbcam.com\/?p=1920#breadcrumb\",\"itemListElement\":[{\"@type\":\"ListItem\",\"position\":1,\"name\":\"Accueil\",\"item\":\"https:\/\/gfbcam.com\/\"},{\"@type\":\"ListItem\",\"position\":2,\"name\":\"Arr\u00eat\u00e9 n\u00b0038 MINFI du 19 janvier 2023 portant constatation des valeurs FOB.\"}]},{\"@type\":\"WebSite\",\"@id\":\"https:\/\/gfbcam.com\/#website\",\"url\":\"https:\/\/gfbcam.com\/\",\"name\":\"Groupement de la Fili\u00e8re Bois au Cameroun | GFBC\",\"description\":\"Organisation patronale sectorielle des exploitants forestiers du Cameroun\",\"publisher\":{\"@id\":\"https:\/\/gfbcam.com\/#organization\"},\"potentialAction\":[{\"@type\":\"SearchAction\",\"target\":{\"@type\":\"EntryPoint\",\"urlTemplate\":\"https:\/\/gfbcam.com\/?s={search_term_string}\"},\"query-input\":{\"@type\":\"PropertyValueSpecification\",\"valueRequired\":true,\"valueName\":\"search_term_string\"}}],\"inLanguage\":\"fr-FR\"},{\"@type\":\"Organization\",\"@id\":\"https:\/\/gfbcam.com\/#organization\",\"name\":\"Groupement de la Fili\u00e8re Bois au Cameroun | GFBC\",\"url\":\"https:\/\/gfbcam.com\/\",\"logo\":{\"@type\":\"ImageObject\",\"inLanguage\":\"fr-FR\",\"@id\":\"https:\/\/gfbcam.com\/#\/schema\/logo\/image\/\",\"url\":\"https:\/\/gfbcam.com\/wp-content\/uploads\/2024\/05\/cropped-logo_GFBC.png\",\"contentUrl\":\"https:\/\/gfbcam.com\/wp-content\/uploads\/2024\/05\/cropped-logo_GFBC.png\",\"width\":200,\"height\":104,\"caption\":\"Groupement de la Fili\u00e8re Bois au Cameroun | GFBC\"},\"image\":{\"@id\":\"https:\/\/gfbcam.com\/#\/schema\/logo\/image\/\"}},{\"@type\":\"Person\",\"@id\":\"https:\/\/gfbcam.com\/#\/schema\/person\/2234da6deb8f73fa80d41b525e62ca1b\",\"name\":\"ruben\",\"image\":{\"@type\":\"ImageObject\",\"inLanguage\":\"fr-FR\",\"@id\":\"https:\/\/gfbcam.com\/#\/schema\/person\/image\/\",\"url\":\"https:\/\/secure.gravatar.com\/avatar\/f3711d4bb3a090e3ba26810cef6d2609e49126ae4bece81fa7bfe7afe631c0b1?s=96&d=mm&r=g\",\"contentUrl\":\"https:\/\/secure.gravatar.com\/avatar\/f3711d4bb3a090e3ba26810cef6d2609e49126ae4bece81fa7bfe7afe631c0b1?s=96&d=mm&r=g\",\"caption\":\"ruben\"},\"description\":\"Administrateur du site GFBC\",\"sameAs\":[\"http:\/\/localhost\/gfbcam.com\"],\"url\":\"https:\/\/gfbcam.com\/?author=1\"}]}<\/script>\n<!-- \/ Yoast SEO plugin. -->","yoast_head_json":{"title":"Arr\u00eat\u00e9 n\u00b0038 MINFI du 19 janvier 2023 portant constatation des valeurs FOB. - Groupement de la Fili\u00e8re Bois au Cameroun | GFBC","robots":{"index":"index","follow":"follow","max-snippet":"max-snippet:-1","max-image-preview":"max-image-preview:large","max-video-preview":"max-video-preview:-1"},"canonical":"https:\/\/gfbcam.com\/?p=1920","og_locale":"fr_FR","og_type":"article","og_title":"Arr\u00eat\u00e9 n\u00b0038 MINFI du 19 janvier 2023 portant constatation des valeurs FOB. - Groupement de la Fili\u00e8re Bois au Cameroun | GFBC","og_description":"ARR\u00caT\u00c9 038 MINFI DU 19 JANVIER 2023 Portant constatation des valeurs FOB des Bois en grumes et d\u00e9bit\u00e9s \u00e0 l&#8217;export pour 6 mois T\u00e9l\u00e9charger le document PDF.","og_url":"https:\/\/gfbcam.com\/?p=1920","og_site_name":"Groupement de la Fili\u00e8re Bois au Cameroun | GFBC","article_published_time":"2023-01-26T11:12:43+00:00","article_modified_time":"2024-09-21T17:35:08+00:00","og_image":[{"width":150,"height":150,"url":"https:\/\/gfbcam.com\/wp-content\/uploads\/2024\/08\/icone_lois_conventions.png","type":"image\/png"}],"author":"ruben","twitter_card":"summary_large_image","twitter_misc":{"\u00c9crit par":"ruben"},"schema":{"@context":"https:\/\/schema.org","@graph":[{"@type":"Article","@id":"https:\/\/gfbcam.com\/?p=1920#article","isPartOf":{"@id":"https:\/\/gfbcam.com\/?p=1920"},"author":{"name":"ruben","@id":"https:\/\/gfbcam.com\/#\/schema\/person\/2234da6deb8f73fa80d41b525e62ca1b"},"headline":"Arr\u00eat\u00e9 n\u00b0038 MINFI du 19 janvier 2023 portant constatation des valeurs FOB.","datePublished":"2023-01-26T11:12:43+00:00","dateModified":"2024-09-21T17:35:08+00:00","mainEntityOfPage":{"@id":"https:\/\/gfbcam.com\/?p=1920"},"wordCount":75,"publisher":{"@id":"https:\/\/gfbcam.com\/#organization"},"image":{"@id":"https:\/\/gfbcam.com\/?p=1920#primaryimage"},"thumbnailUrl":"https:\/\/gfbcam.com\/wp-content\/uploads\/2024\/08\/icone_lois_conventions.png","articleSection":["Cadre juridique","Projet FAO PME"],"inLanguage":"fr-FR"},{"@type":"WebPage","@id":"https:\/\/gfbcam.com\/?p=1920","url":"https:\/\/gfbcam.com\/?p=1920","name":"Arr\u00eat\u00e9 n\u00b0038 MINFI du 19 janvier 2023 portant constatation des valeurs FOB. - Groupement de la Fili\u00e8re Bois au Cameroun | GFBC","isPartOf":{"@id":"https:\/\/gfbcam.com\/#website"},"primaryImageOfPage":{"@id":"https:\/\/gfbcam.com\/?p=1920#primaryimage"},"image":{"@id":"https:\/\/gfbcam.com\/?p=1920#primaryimage"},"thumbnailUrl":"https:\/\/gfbcam.com\/wp-content\/uploads\/2024\/08\/icone_lois_conventions.png","datePublished":"2023-01-26T11:12:43+00:00","dateModified":"2024-09-21T17:35:08+00:00","breadcrumb":{"@id":"https:\/\/gfbcam.com\/?p=1920#breadcrumb"},"inLanguage":"fr-FR","potentialAction":[{"@type":"ReadAction","target":["https:\/\/gfbcam.com\/?p=1920"]}]},{"@type":"ImageObject","inLanguage":"fr-FR","@id":"https:\/\/gfbcam.com\/?p=1920#primaryimage","url":"https:\/\/gfbcam.com\/wp-content\/uploads\/2024\/08\/icone_lois_conventions.png","contentUrl":"https:\/\/gfbcam.com\/wp-content\/uploads\/2024\/08\/icone_lois_conventions.png","width":150,"height":150},{"@type":"BreadcrumbList","@id":"https:\/\/gfbcam.com\/?p=1920#breadcrumb","itemListElement":[{"@type":"ListItem","position":1,"name":"Accueil","item":"https:\/\/gfbcam.com\/"},{"@type":"ListItem","position":2,"name":"Arr\u00eat\u00e9 n\u00b0038 MINFI du 19 janvier 2023 portant constatation des valeurs FOB."}]},{"@type":"WebSite","@id":"https:\/\/gfbcam.com\/#website","url":"https:\/\/gfbcam.com\/","name":"Groupement de la Fili\u00e8re Bois au Cameroun | GFBC","description":"Organisation patronale sectorielle des exploitants forestiers du Cameroun","publisher":{"@id":"https:\/\/gfbcam.com\/#organization"},"potentialAction":[{"@type":"SearchAction","target":{"@type":"EntryPoint","urlTemplate":"https:\/\/gfbcam.com\/?s={search_term_string}"},"query-input":{"@type":"PropertyValueSpecification","valueRequired":true,"valueName":"search_term_string"}}],"inLanguage":"fr-FR"},{"@type":"Organization","@id":"https:\/\/gfbcam.com\/#organization","name":"Groupement de la Fili\u00e8re Bois au Cameroun | GFBC","url":"https:\/\/gfbcam.com\/","logo":{"@type":"ImageObject","inLanguage":"fr-FR","@id":"https:\/\/gfbcam.com\/#\/schema\/logo\/image\/","url":"https:\/\/gfbcam.com\/wp-content\/uploads\/2024\/05\/cropped-logo_GFBC.png","contentUrl":"https:\/\/gfbcam.com\/wp-content\/uploads\/2024\/05\/cropped-logo_GFBC.png","width":200,"height":104,"caption":"Groupement de la Fili\u00e8re Bois au Cameroun | GFBC"},"image":{"@id":"https:\/\/gfbcam.com\/#\/schema\/logo\/image\/"}},{"@type":"Person","@id":"https:\/\/gfbcam.com\/#\/schema\/person\/2234da6deb8f73fa80d41b525e62ca1b","name":"ruben","image":{"@type":"ImageObject","inLanguage":"fr-FR","@id":"https:\/\/gfbcam.com\/#\/schema\/person\/image\/","url":"https:\/\/secure.gravatar.com\/avatar\/f3711d4bb3a090e3ba26810cef6d2609e49126ae4bece81fa7bfe7afe631c0b1?s=96&d=mm&r=g","contentUrl":"https:\/\/secure.gravatar.com\/avatar\/f3711d4bb3a090e3ba26810cef6d2609e49126ae4bece81fa7bfe7afe631c0b1?s=96&d=mm&r=g","caption":"ruben"},"description":"Administrateur du site GFBC","sameAs":["http:\/\/localhost\/gfbcam.com"],"url":"https:\/\/gfbcam.com\/?author=1"}]}},"_links":{"self":[{"href":"https:\/\/gfbcam.com\/index.php?rest_route=\/wp\/v2\/posts\/1920","targetHints":{"allow":["GET"]}}],"collection":[{"href":"https:\/\/gfbcam.com\/index.php?rest_route=\/wp\/v2\/posts"}],"about":[{"href":"https:\/\/gfbcam.com\/index.php?rest_route=\/wp\/v2\/types\/post"}],"author":[{"embeddable":true,"href":"https:\/\/gfbcam.com\/index.php?rest_route=\/wp\/v2\/users\/1"}],"replies":[{"embeddable":true,"href":"https:\/\/gfbcam.com\/index.php?rest_route=%2Fwp%2Fv2%2Fcomments&post=1920"}],"version-history":[{"count":0,"href":"https:\/\/gfbcam.com\/index.php?rest_route=\/wp\/v2\/posts\/1920\/revisions"}],"wp:featuredmedia":[{"embeddable":true,"href":"https:\/\/gfbcam.com\/index.php?rest_route=\/wp\/v2\/media\/2700"}],"wp:attachment":[{"href":"https:\/\/gfbcam.com\/index.php?rest_route=%2Fwp%2Fv2%2Fmedia&parent=1920"}],"wp:term":[{"taxonomy":"category","embeddable":true,"href":"https:\/\/gfbcam.com\/index.php?rest_route=%2Fwp%2Fv2%2Fcategories&post=1920"},{"taxonomy":"post_tag","embeddable":true,"href":"https:\/\/gfbcam.com\/index.php?rest_route=%2Fwp%2Fv2%2Ftags&post=1920"}],"curies":[{"name":"wp","href":"https:\/\/api.w.org\/{rel}","templated":true}]}}